{"id":97057,"date":"2026-04-22T20:44:40","date_gmt":"2026-04-22T18:44:40","guid":{"rendered":"https:\/\/www.foodtimes.eu\/?p=97057"},"modified":"2026-04-22T21:30:25","modified_gmt":"2026-04-22T19:30:25","slug":"vecchioni-coldiretti-dompe-conquista-bf","status":"publish","type":"post","link":"https:\/\/www.foodtimes.eu\/it\/sistemi-alimentari\/vecchioni-coldiretti-dompe-conquista-bf\/","title":{"rendered":"Vecchioni, Coldiretti e Domp\u00e9 alla conquista di BF"},"content":{"rendered":"<p id=\"3498112c-b3ab-8024-80cb-e1641f209f22\" class=\"\">Arum e Domp\u00e9 Holdings hanno lanciato un&#8217;<strong>offerta pubblica di acquisto volontaria totalitaria<\/strong>\u00a0su BF S.p.A., societ\u00e0 quotata su Euronext Milan attiva nell&#8217;agroalimentare. L&#8217;operazione, del valore massimo di\u00a0<strong>666,2 milioni di euro<\/strong>\u00a0(circa\u00a02 miliardi\u00a0ove si consideri l&#8217;intero capitale di BF), rappresenta una delle pi\u00f9 rilevanti OPA degli ultimi decenni in Italia nel settore agricolo, per dimensioni e rilevanza strategica. (1)<\/p>\n<div dir=\"auto\">\n<p id=\"3498112c-b3ab-8079-9f96-e8652d5c8bc2\" class=\"\">L&#8217;azionariato di Arum rivela peraltro un\u00a0<strong>forte radicamento nella galassia Coldiretti<\/strong>: quello che <a href=\"https:\/\/www.foodtimes.eu\/it\/sistemi-alimentari\/coldiretti-tanti-soci-e-alcuni-dubbi-vanghepulite\/\">si presenta<\/a> come il principale\u00a0<strong>&#8216;sindacato agricolo&#8217;<\/strong> italiano partecipa infatti all&#8217;operazione finanziaria pi\u00f9 importante del settore attraverso la sua \u2018holding\u2019 Germina Campus, le sue federazioni provinciali,\u00a0le societ\u00e0\u00a0Impresa Verde, e varie altre entit\u00e0.<\/p>\n<\/div>\n<div dir=\"auto\">\n<p id=\"3498112c-b3ab-80b7-995c-ebeead921797\" class=\"\">Un assetto singolare per un&#8217;acquisizione che punta al controllo di BF, gruppo le cui attivit\u00e0 sono strettamente collegate a\u00a0<strong>investimenti pubblici<\/strong>, dal \u2018Piano Mattei\u2019 a numerosi progetti finanziati con risorse nazionali ed europee. A suggellare l&#8217;operazione, la recente nomina di Vincenzo Gesmundo\u00a0a presidente di BF International. L\u2019operazione Federconsorzi 2 disvela cos\u00ec il proprio \u2018asset nella manica\u2019.<\/p>\n<\/div>\n<div dir=\"auto\">\n<div id=\"ez-toc-container\" class=\"ez-toc-v2_0_82_2 counter-hierarchy ez-toc-counter ez-toc-light-blue ez-toc-container-direction\">\n<div class=\"ez-toc-title-container\">\n<p class=\"ez-toc-title\" style=\"cursor:inherit\">Table of Contents<\/p>\n<span class=\"ez-toc-title-toggle\"><a href=\"#\" class=\"ez-toc-pull-right ez-toc-btn ez-toc-btn-xs ez-toc-btn-default ez-toc-toggle\" aria-label=\"Toggle Table of Content\"><span class=\"ez-toc-js-icon-con\"><span class=\"\"><span class=\"eztoc-hide\" style=\"display:none;\">Toggle<\/span><span class=\"ez-toc-icon-toggle-span\"><svg style=\"fill: #999;color:#999\" xmlns=\"http:\/\/www.w3.org\/2000\/svg\" class=\"list-377408\" width=\"20px\" height=\"20px\" viewBox=\"0 0 24 24\" fill=\"none\"><path d=\"M6 6H4v2h2V6zm14 0H8v2h12V6zM4 11h2v2H4v-2zm16 0H8v2h12v-2zM4 16h2v2H4v-2zm16 0H8v2h12v-2z\" fill=\"currentColor\"><\/path><\/svg><svg style=\"fill: #999;color:#999\" class=\"arrow-unsorted-368013\" xmlns=\"http:\/\/www.w3.org\/2000\/svg\" width=\"10px\" height=\"10px\" viewBox=\"0 0 24 24\" version=\"1.2\" baseProfile=\"tiny\"><path d=\"M18.2 9.3l-6.2-6.3-6.2 6.3c-.2.2-.3.4-.3.7s.1.5.3.7c.2.2.4.3.7.3h11c.3 0 .5-.1.7-.3.2-.2.3-.5.3-.7s-.1-.5-.3-.7zM5.8 14.7l6.2 6.3 6.2-6.3c.2-.2.3-.5.3-.7s-.1-.5-.3-.7c-.2-.2-.4-.3-.7-.3h-11c-.3 0-.5.1-.7.3-.2.2-.3.5-.3.7s.1.5.3.7z\"\/><\/svg><\/span><\/span><\/span><\/a><\/span><\/div>\n<nav><ul class='ez-toc-list ez-toc-list-level-1 ' ><li class='ez-toc-page-1 ez-toc-heading-level-2'><a class=\"ez-toc-link ez-toc-heading-1\" href=\"https:\/\/www.foodtimes.eu\/it\/sistemi-alimentari\/vecchioni-coldiretti-dompe-conquista-bf\/#LOPA_totalitaria_su_BF_SpA\" >L\u2019OPA totalitaria su BF SpA<\/a><ul class='ez-toc-list-level-3' ><li class='ez-toc-heading-level-3'><a class=\"ez-toc-link ez-toc-heading-2\" href=\"https:\/\/www.foodtimes.eu\/it\/sistemi-alimentari\/vecchioni-coldiretti-dompe-conquista-bf\/#Finanziamento_e_governance_futura\" >Finanziamento e governance futura<\/a><\/li><li class='ez-toc-page-1 ez-toc-heading-level-3'><a class=\"ez-toc-link ez-toc-heading-3\" href=\"https:\/\/www.foodtimes.eu\/it\/sistemi-alimentari\/vecchioni-coldiretti-dompe-conquista-bf\/#Condizioni_di_efficacia\" >Condizioni di efficacia<\/a><\/li><li class='ez-toc-page-1 ez-toc-heading-level-3'><a class=\"ez-toc-link ez-toc-heading-4\" href=\"https:\/\/www.foodtimes.eu\/it\/sistemi-alimentari\/vecchioni-coldiretti-dompe-conquista-bf\/#Obiettivi_strategici_e_%E2%80%98no_delisting\" >Obiettivi strategici e \u2018no delisting\u2019<\/a><\/li><li class='ez-toc-page-1 ez-toc-heading-level-3'><a class=\"ez-toc-link ez-toc-heading-5\" href=\"https:\/\/www.foodtimes.eu\/it\/sistemi-alimentari\/vecchioni-coldiretti-dompe-conquista-bf\/#Iter_procedurale\" >Iter procedurale<\/a><\/li><\/ul><\/li><li class='ez-toc-page-1 ez-toc-heading-level-2'><a class=\"ez-toc-link ez-toc-heading-6\" href=\"https:\/\/www.foodtimes.eu\/it\/sistemi-alimentari\/vecchioni-coldiretti-dompe-conquista-bf\/#Arum_SpA_e_la_galassia_Coldiretti\" >Arum S.p.A. e la galassia Coldiretti<\/a><\/li><li class='ez-toc-page-1 ez-toc-heading-level-2'><a class=\"ez-toc-link ez-toc-heading-7\" href=\"https:\/\/www.foodtimes.eu\/it\/sistemi-alimentari\/vecchioni-coldiretti-dompe-conquista-bf\/#Federconsorzi_2_lo_scenario_dinsieme\" >Federconsorzi 2, lo scenario d\u2019insieme<\/a><ul class='ez-toc-list-level-3' ><li class='ez-toc-heading-level-3'><a class=\"ez-toc-link ez-toc-heading-8\" href=\"https:\/\/www.foodtimes.eu\/it\/sistemi-alimentari\/vecchioni-coldiretti-dompe-conquista-bf\/#Note\" >Note<\/a><\/li><li class='ez-toc-page-1 ez-toc-heading-level-3'><a class=\"ez-toc-link ez-toc-heading-9\" href=\"https:\/\/www.foodtimes.eu\/it\/sistemi-alimentari\/vecchioni-coldiretti-dompe-conquista-bf\/#Allegato\" >Allegato<\/a><\/li><\/ul><\/li><\/ul><\/nav><\/div>\n<h2 id=\"3498112c-b3ab-8057-b7c5-ddff26e18786\" class=\"\"><span class=\"ez-toc-section\" id=\"LOPA_totalitaria_su_BF_SpA\"><\/span>L\u2019OPA totalitaria su BF SpA<span class=\"ez-toc-section-end\"><\/span><\/h2>\n<\/div>\n<div dir=\"auto\">\n<p id=\"3498112c-b3ab-80f6-b2bc-d5c94773f4e5\" class=\"\"><strong>L&#8217;OPA<\/strong> \u00e8 promossa congiuntamente da Arum S.p.A. e\u00a0Domp\u00e9 Holdings S.r.l. che gi\u00e0 detengono, complessivamente, il\u00a049,122%\u00a0di BF: Arum possiede il 24,147% del capitale (24,999% dei diritti di voto), mentre Domp\u00e9 Holdings il 24,975% (26,917% dei diritti di voto grazie al voto maggiorato).<\/p>\n<\/div>\n<div dir=\"auto\">\n<p id=\"3498112c-b3ab-80ca-9c4b-f6c15923a558\" class=\"\"><strong>L&#8217;offerta<\/strong> riguarda le restanti\u00a0133.242.020 azioni\u00a0(50,878% del capitale), a un\u00a0corrispettivo di 5,00 euro per azione che incorpora un\u00a0premio del 13,80%\u00a0rispetto al prezzo ufficiale del 20 aprile 2026 (4,394 euro) e premi compresi tra il 14,40% e il 18,89% rispetto alle medie ponderate degli ultimi 1-12 mesi.<\/p>\n<\/div>\n<div dir=\"auto\">\n<h3 id=\"34a8112c-b3ab-80f2-8321-e8fee027342c\" class=\"\"><span class=\"ez-toc-section\" id=\"Finanziamento_e_governance_futura\"><\/span>Finanziamento e governance futura<span class=\"ez-toc-section-end\"><\/span><\/h3>\n<\/div>\n<div dir=\"auto\">\n<p id=\"3498112c-b3ab-80cb-9672-cbf847aa8e18\" class=\"\">Arum finanzier\u00e0 la propria quota (50% dell&#8217;esborso massimo, pari a\u00a0<strong>333,1 milioni di euro<\/strong>) in parte con\u00a0<strong>equity<\/strong>\u00a0da un aumento di capitale sottoscritto da soci e terzi, in parte con\u00a0<strong>debito bancario<\/strong>. Domp\u00e9 Holdings &#8211; controllata al 100% da\u00a0Sergio Domp\u00e9 e dotata di un capitale sociale di 101 milioni di euro &#8211; utilizzer\u00e0 invece esclusivamente\u00a0<strong>mezzi propri<\/strong>, senza ricorso a finanziamenti esterni.<\/p>\n<\/div>\n<div dir=\"auto\">\n<p id=\"3498112c-b3ab-80a3-b9d1-dc9de0d83f90\" class=\"\">Gli offerenti si sono impegnati, tramite un\u00a0accordo quadro\u00a0sottoscritto contestualmente, a stipulare alla data di pagamento un\u00a0<strong>patto parasociale<\/strong>\u00a0che discipliner\u00e0 governance, trasferimento azioni e partecipazione in <strong>BF International<\/strong>. Le azioni acquistate saranno ripartite\u00a0<em>pari passu<\/em>\u00a0(50% ciascuno).<\/p>\n<\/div>\n<div dir=\"auto\">\n<h3 id=\"34a8112c-b3ab-80a4-8573-dc557aa42f7d\" class=\"\"><span class=\"ez-toc-section\" id=\"Condizioni_di_efficacia\"><\/span>Condizioni di efficacia<span class=\"ez-toc-section-end\"><\/span><\/h3>\n<\/div>\n<div dir=\"auto\">\n<p id=\"3498112c-b3ab-802e-a2d2-e331a9c12fb6\" class=\"\">L&#8217;offerta \u00e8 soggetta all&#8217;avveramento di due condizioni cumulative:<\/p>\n<\/div>\n<div dir=\"auto\">\n<ul id=\"3498112c-b3ab-8077-9c82-f7d8feb230bb\" class=\"bulleted-list\">\n<li><strong>condizioni MAC\/MAE<\/strong> (<em>Material Adverse Change\/Material Adverse Effect<\/em>): a livello nazionale o internazionale\u00a0non devono verificarsi fatti, circostanze o eventi non noti al mercato alla data dell&#8217;annuncio che comportino\u00a0mutamenti negativi significativi\u00a0nella situazione politica, sanitaria, finanziaria, economica, valutaria, normativa o di mercato con effetti pregiudizievoli sull&#8217;offerta o sulla situazione di BF. Inoltre,\u00a0non devono emergere\u00a0fatti relativi all&#8217;emittente o alle sue controllate\/collegate, non noti al mercato, che modifichino in modo pregiudizievole l&#8217;attivit\u00e0 o la situazione patrimoniale, finanziaria, economica o reddituale del gruppo BF rispetto a quanto risultante dal bilancio consolidato al 31 dicembre 2025;<\/li>\n<\/ul>\n<\/div>\n<div dir=\"auto\">\n<ul id=\"3498112c-b3ab-80f4-8ee2-ec8025953408\" class=\"bulleted-list\">\n<li><strong>condizione autorizzazioni<\/strong>: ottenimento delle autorizzazioni da parte delle autorit\u00e0 competenti in materia di\u00a0golden power\u00a0(D.L. 21\/2012),\u00a0antitrust\u00a0e\u00a0sovvenzioni estere distorsive\u00a0(regolamento UE 2022\/2560), o decorso dei relativi termini senza opposizione. Le autorizzazioni devono essere rilasciate\u00a0senza imporre agli offerenti impegni, prescrizioni, obbligazioni, requisiti, condizioni o altre misure.<\/li>\n<\/ul>\n<\/div>\n<div dir=\"auto\">\n<p id=\"3498112c-b3ab-8097-906b-ca740abb9054\" class=\"\">Gli offerenti potranno rinunciare, in tutto o in parte, a una o pi\u00f9 condizioni. In caso di mancato avveramento senza rinuncia, l&#8217;offerta non si perfezioner\u00e0 e le azioni portate in adesione saranno restituite agli aderenti.<\/p>\n<\/div>\n<div dir=\"auto\">\n<h3 id=\"34a8112c-b3ab-80ff-98e3-e529c9f25469\" class=\"\"><span class=\"ez-toc-section\" id=\"Obiettivi_strategici_e_%E2%80%98no_delisting\"><\/span>Obiettivi strategici e \u2018no delisting\u2019<span class=\"ez-toc-section-end\"><\/span><\/h3>\n<\/div>\n<div dir=\"auto\">\n<p id=\"3498112c-b3ab-80da-9616-e260d9676c06\" class=\"\"><strong>L&#8217;operazione<\/strong>\u00a0<strong>non \u00e8 finalizzata al delisting<\/strong>: Arum e Domp\u00e9 intendono\u00a0consolidare l&#8217;azionariato di riferimento\u00a0e garantire\u00a0stabilit\u00e0 proprietaria\u00a0per sostenere i piani industriali di medio-lungo periodo di BF, attiva nella produzione di alimenti tracciabili \u2018dal seme\u2019 e nello sviluppo di tecnologie agro-industriali.<\/p>\n<\/div>\n<div dir=\"auto\">\n<p id=\"3498112c-b3ab-8072-9aaf-d1b535d7402f\" class=\"\">Qualora a esito dell&#8217;offerta gli offerenti raggiungessero il\u00a0<strong>90% del capitale<\/strong>, si impegnano a\u00a0<strong>ripristinare il flottante<\/strong>\u00a0entro 90 giorni mediante collocamento o ABB (<em>Accelerated Bookbuilding<\/em>), senza avvalersi del diritto di acquisto residuo ex art. 111 TUF (Testo Unico della Finanza). In caso di superamento del\u00a095%, adempiranno all&#8217;obbligo di acquisto ex art. 108 TUF, ripristinando comunque il flottante.<\/p>\n<\/div>\n<div dir=\"auto\">\n<h3 id=\"34a8112c-b3ab-8067-aca1-f8b10e2b6dad\"><span class=\"ez-toc-section\" id=\"Iter_procedurale\"><\/span>Iter procedurale<span class=\"ez-toc-section-end\"><\/span><\/h3>\n<\/div>\n<div dir=\"auto\">\n<p id=\"34a8112c-b3ab-809e-8bc7-c7cc08c5b862\" class=\"\">Il documento di offerta sar\u00e0 presentato a\u00a0<strong>Consob<\/strong>\u00a0nei termini di legge. Il periodo di adesione durer\u00e0 tra 15 e 40 giorni di borsa aperta. Si applicheranno le disposizioni sugli\u00a0<strong>amministratori indipendenti<\/strong>\u00a0(art. 39-bis Regolamento Emittenti) e sulla\u00a0<strong>riapertura dei termini<\/strong>\u00a0(art. 40-bis), trattandosi di offerta su societ\u00e0 in cui gli offerenti superano gi\u00e0 il 30%.<\/p>\n<\/div>\n<div dir=\"auto\">\n<p id=\"34a8112c-b3ab-8009-8430-ca7335828d87\" class=\"\">L&#8217;operazione consolida il\u00a0<strong>progetto strategico di Vecchioni<\/strong>, supportato dalla galassia Coldiretti e dalla partnership con Domp\u00e9, per posizionare l&#8217;agricoltura italiana e le sue eccellenze tecnologiche \u2018al centro del mondo\u2019, come dichiarato dallo stesso Vecchioni.<\/p>\n<\/div>\n<div dir=\"auto\">\n<h2 id=\"3498112c-b3ab-8091-a58a-fb9707f5b607\" class=\"\"><span class=\"ez-toc-section\" id=\"Arum_SpA_e_la_galassia_Coldiretti\"><\/span>Arum S.p.A. e la galassia Coldiretti<span class=\"ez-toc-section-end\"><\/span><\/h2>\n<\/div>\n<div dir=\"auto\">\n<p id=\"3498112c-b3ab-807c-9dec-cb1c64667f90\" class=\"\"><strong>Arum S.p.A.<\/strong>\u00a0(capitale sociale 14,96 milioni di euro, deliberato 25,54 milioni) \u00e8 una holding partecipativa con sede a Torino. Il capitale \u00e8 suddiviso in tre categorie: azioni\u00a0A\u00a0(10,52 milioni),\u00a0BC (1,85 milioni, con triplo voto e diritto di nomina maggioritaria CdA) e\u00a0BE\u00a0(2,59 milioni, con triplo voto). \u00c8 controllata indirettamente da\u00a0<strong>Federico Vecchioni<\/strong>\u00a0&#8211; che ne presiede il CdA &#8211; attraverso le due societ\u00e0 di famiglia Elfe S.r.l. e Societ\u00e0 Agricola Tenuta il Cicalino, le quali assieme detengono 3.770.939 azioni di categoria BC (pari al <strong>12,86%<\/strong> del capitale sociale, con potere di nomina della maggioranza del CdA).<\/p>\n<\/div>\n<div dir=\"auto\">\n<p id=\"3498112c-b3ab-80b9-b2f8-c0ed6ef19c07\" class=\"\">Nell&#8217;azionariato di <strong>Arum<\/strong> SpA spiccano peraltro:<\/p>\n<\/div>\n<div dir=\"auto\">\n<ul id=\"34a8112c-b3ab-80b7-b663-d397eb7c64b2\" class=\"bulleted-list\">\n<li>la <strong>Societ\u00e0 Consortile Consorzi Agrari<\/strong>\u00a0(589.286 azioni A), SCCA, partecipata da 19 Consorzi Agrari e partecipante al capitale di CAI S.p.A;<\/li>\n<\/ul>\n<\/div>\n<div dir=\"auto\">\n<ul id=\"34a8112c-b3ab-801d-a7e9-f4a29fe7bd7b\" class=\"bulleted-list\">\n<li>le 38\u00a0<strong>Impresa Verde<\/strong>\u00a0regionali e provinciali di Coldiretti, per un totale di 391.555 azioni A;<\/li>\n<\/ul>\n<\/div>\n<div dir=\"auto\">\n<ul id=\"34a8112c-b3ab-8043-b1c3-d6aef880c9f2\" class=\"bulleted-list\">\n<li>la \u2018cassaforte\u2019 di Coldiretti <a href=\"https:\/\/www.foodtimes.eu\/it\/sistemi-alimentari\/germina-campus-la-holding-di-coldiretti-che-specula-sugli-agricoltori-vanghepulite\/\"><strong>Germina Campus<\/strong><\/a> (56.668 azioni di categoria A);<\/li>\n<\/ul>\n<\/div>\n<div dir=\"auto\">\n<ul id=\"34a8112c-b3ab-80d1-956d-d5dbefc157c5\" class=\"bulleted-list\">\n<li>le <strong>federazioni provinciali Coldiretti<\/strong> di Reggio Emilia\u00a0(20.000 azioni A), Piacenza\u00a0(13.125 azioni A), Mantova\u00a0(6.667 azioni A), e quelle interprovinciali di Como e Lecco\u00a0(6.667 azioni A), Milano-Lodi-Monza Brianza\u00a0(6.250 azioni A);<\/li>\n<\/ul>\n<\/div>\n<div dir=\"auto\">\n<ul id=\"34a8112c-b3ab-80dc-805e-c6e74277dec6\" class=\"bulleted-list\">\n<li>il broker assicurativo <a href=\"https:\/\/www.foodtimes.eu\/it\/sistemi-alimentari\/assicurazioni-agevolate-il-business-di-coldiretti-alle-spalle-degli-agricoltori\/\"><strong>Green Assicurazioni<\/strong><\/a> Srl (36.250 azioni di categoria A);<\/li>\n<\/ul>\n<\/div>\n<div dir=\"auto\">\n<ul id=\"34a8112c-b3ab-80a4-9b34-ec31aca1e2fc\" class=\"bulleted-list\">\n<li>il broker telefonico captive <strong>Agritel <\/strong>S.r.l. (34.167 azioni di categoria A);<\/li>\n<\/ul>\n<\/div>\n<div dir=\"auto\">\n<ul id=\"34a8112c-b3ab-802d-8cfc-f925f3c30ab4\" class=\"bulleted-list\">\n<li>la societ\u00e0 BIT Informativa Srl (31.250 azioni di categoria A).<\/li>\n<\/ul>\n<\/div>\n<div dir=\"auto\">\n<p id=\"3498112c-b3ab-8081-b02b-e921b35d6c4c\" class=\"\">L\u2019ingresso del <strong>sistema Coldiretti<\/strong>\u00a0in Arum, con una partecipazione complessiva pari al&#8217;<strong>11,33% del capitale sociale <\/strong>totale (1.191.885 azioni di categoria A), \u00e8 stato accompagnato da:<\/p>\n<\/div>\n<div dir=\"auto\">\n<ul id=\"34a8112c-b3ab-80d9-9de3-e98a52f1e3bb\" class=\"bulleted-list\">\n<li>la nomina di\u00a0<a href=\"https:\/\/www.foodtimes.eu\/it\/pianeta\/federconsorzi-2-cai-spa-agrirevi-coldiretti-la-cena-dei-cretini\/\"><strong>Raffaele Grandolini<\/strong><\/a>, il <a href=\"https:\/\/www.foodtimes.eu\/it\/sistemi-alimentari\/pnrr-e-bando-sui-contratti-di-filiera-coldiretti-asso-pigliatutto-vanghepulite\/\">\u2018Re Mida\u2019 di Palazzo Rospigliosi<\/a>, quale amministratore delegato di Arum, ad agosto 2025;<\/li>\n<\/ul>\n<\/div>\n<div dir=\"auto\">\n<ul id=\"34a8112c-b3ab-80aa-8d97-e1e5e3539dbc\" class=\"bulleted-list\">\n<li>la recentissima nomina di\u00a0<strong>Vincenzo Gesmundo<\/strong>, il sempiterno segretario generale di Coldiretti, a presidente di BF International. Non a caso, il patto parasociale tra Arum e l&#8217;imprenditore Domp\u00e9 Holdings prevede apposite clausole proprio con riguardo alla cessione delle partecipazioni di BF International;<\/li>\n<\/ul>\n<\/div>\n<div dir=\"auto\">\n<ul id=\"34a8112c-b3ab-80e7-9d6c-ecf76742c359\" class=\"bulleted-list\">\n<li>i cambi di governance in Consorzi Agrari d\u2019Italia, <strong>CAI S.p.A.<\/strong>, a valle di BF. Laddove &#8211; dopo la <a href=\"https:\/\/www.foodtimes.eu\/it\/sistemi-alimentari\/cai-spa-cambio-governance\/\">sostituzione dell\u2019amministratore delegato Gianluca Lelli<\/a> con Roberto Sambuco, a ottobre 2025 &#8211; \u00e8 intervenuta la nomina a direttore generale di Alberto Olivieri Allaria, (2) gi\u00e0 direttore regionale di Coldiretti Emilia Romagna, a marzo 2026.<\/li>\n<\/ul>\n<\/div>\n<div dir=\"auto\">\n<h2 id=\"34a8112c-b3ab-803c-b1f2-c0065779e868\" class=\"\"><span class=\"ez-toc-section\" id=\"Federconsorzi_2_lo_scenario_dinsieme\"><\/span>Federconsorzi 2, lo scenario d\u2019insieme<span class=\"ez-toc-section-end\"><\/span><\/h2>\n<\/div>\n<div dir=\"auto\">\n<p id=\"34a8112c-b3ab-80ae-a07a-e26c19bd1358\" class=\"\">L\u2019OPA totalitaria di Arum SpA su BF SpA si inquadra nel <a href=\"https:\/\/www.foodtimes.eu\/it\/sistemi-alimentari\/coldiretti-e-loperazione-finanziaria-federconsorzi-2\/\">progetto \u2018Federconsorzi 2\u2019<\/a> che cos\u00ec rivela il proprio terzo \u2018asset\u2019 sul quale, non a caso, Vincenzo Gesmundo ha poggiato il cappello. Dopo CAI SpA e CAI Real Estate Srl, BF International:<\/p>\n<\/div>\n<div dir=\"auto\">\n<ul id=\"34a8112c-b3ab-80f2-bb72-df17ed6e89dc\" class=\"bulleted-list\">\n<li><strong>CAI &#8211; Consorzi Agrari d\u2019Italia<\/strong>: oltre il 90% dei ricavi, ma nessun margine, derivano a BF S.p.A. dalla partecipata CAI &#8211; Consorzi Agrari d\u2019Italia S.p.A., nella quale tanto BF S.p.a., quanto i cinque Consorzi Agrari soci (Bologna, Grosseto, Abruzzo, Verona e Siena) hanno deciso di ridurre significativamente le proprie quote per ottenere nel 2025 una <a href=\"https:\/\/www.foodtimes.eu\/it\/sistemi-alimentari\/cai-spa-alcuni-dubbi-sullaumento-di-capitale\/\">ricapitalizzazione da 145 milioni di euro<\/a>, grazie alla decisione politica del Fondo Nazionale Strategico che vi ha immesso i soldi pubblici di Cassa Depositi e Prestiti. Il mondo agricolo \u00e8 cos\u00ec divenuto minoranza, nella principale iniziativa agroindustriale del gruppo;<\/li>\n<\/ul>\n<\/div>\n<div dir=\"auto\">\n<ul id=\"34a8112c-b3ab-80f1-8bbb-fc6d0c669ca6\" class=\"bulleted-list\">\n<li><strong>CAI Real Estate Srl<\/strong>: i 180 immobili dei Consorzi Agrari, confluiti nella CAI REAL ESTATE S.r.l. nell\u2019arco temporale 2020-2025, per un valore di oltre 100 milioni di euro, (3) sono stati ceduti in blocco a una fiduciaria Svizzera, a dicembre 2025, <a href=\"https:\/\/www.foodtimes.eu\/it\/sistemi-alimentari\/gli-immobili-degli-agricoltori-italiani-a-una-fiduciaria-svizzera\/\">per il vile prezzo di 50.000 euro<\/a>. Il mondo agricolo italiano \u00e8 stato cos\u00ec totalmente escluso dalla propriet\u00e0 e dal godimento del proprio patrimonio immobiliare, ormai avviato verso percorsi speculativi all\u2019estero;<\/li>\n<\/ul>\n<\/div>\n<div dir=\"auto\">\n<ul id=\"34a8112c-b3ab-80bb-974a-f5e90b083064\" class=\"bulleted-list\">\n<li><strong>BF International Best Fields Best Food Ltd<\/strong>: l\u2019ultimo \u2018asset\u2019 controllato da BF SpA &#8211; fondato a Londra nel 2023 &#8211; \u00e8 sua divisione internazionale che, \u2018<em>attraverso alleanze strategiche con partner istituzionali e industriali, collabora con governi e comunit\u00e0 locali per costruire un nuovo modello di agricoltura sostenibile, inclusiva e tecnologicamente avanzata<\/em>\u2019. BF International opera quindi &#8211; attraverso il Regno Unito, con fondi pubblici dei contribuenti italiani, quale mandatario del Fondo Nazionale Strategico &#8211; per realizzare in Africa il Piano Mattei del governo Meloni. Un\u2019operazione che non interessa gli agricoltori italiani, ma risulta tanto remunerativa e strategica da indurre il cerchio magico di Coldiretti a mantenerne e rafforzarne il controllo.<\/li>\n<\/ul>\n<\/div>\n<div dir=\"auto\">\n<p id=\"34a8112c-b3ab-801e-bfdf-c6abac4043d2\" class=\"\">#VanghePulite<\/p>\n<\/div>\n<div dir=\"auto\">\n<p id=\"3498112c-b3ab-8071-bcea-ed8f1bd37a4e\" class=\"\"><em>Dario Dongo<\/em><\/p>\n<p><em>Foto di\u00a0<a class=\"Text_text__D8yqX Text_size-inherit__I1W_y Text_weight-bold__CBWtB Text_color-greyscale-shadow__RZoEL spacing_noMargin__F5u9R Text_display-inline__Is5PW Link_link__Ime8c clickable_clickable__wbzX_ spacing_noMargin__F5u9R\" href=\"https:\/\/www.pexels.com\/it-it\/@409204690\/\" data-testid=\"next-link\"><span class=\"Text_text__D8yqX Text_size-inherit__I1W_y Text_weight-inherit__m7i3O Text_color-greyscale-shadow__RZoEL spacing_noMargin__F5u9R Text_display-inline__Is5PW\">Owen.outdoors<\/span><\/a><\/em><\/p>\n<\/div>\n<div dir=\"auto\">\n<h3 id=\"3498112c-b3ab-8077-8e86-cd5959dcf107\" class=\"\"><span class=\"ez-toc-section\" id=\"Note\"><\/span>Note<span class=\"ez-toc-section-end\"><\/span><\/h3>\n<\/div>\n<div dir=\"auto\">\n<p id=\"3498112c-b3ab-805e-8451-cfedb1d4ff18\" class=\"\">(1) BF, Vecchioni e Domp\u00e9 lanciano Opa da 666 milioni.<em> Il Sole 24 Ore<\/em>. 21.4.26 <a href=\"https:\/\/www.ilsole24ore.com\/art\/bf-vecchioni-e-dompe-lanciano-opa-666-milioni-AIIADzbC?refresh_ce=1\">https:\/\/www.ilsole24ore.com\/art\/bf-vecchioni-e-dompe-lanciano-opa-666-milioni-AIIADzbC?refresh_ce=1<\/a><\/p>\n<\/div>\n<div dir=\"auto\">\n<p id=\"34a8112c-b3ab-805a-949c-c646389c1e17\" class=\"\">(2) Lo stesso Marco Allaria Olivieri che nel dicembre del 2020, attraverso la procura rilasciatagli da Coldiretti, provvedeva ad acquistare al prezzo di \u20ac 516,46 dalla Cooperativa AgriCentroSud (gi\u00e0 CreditAgri), condotta al dissesto e alla <a href=\"https:\/\/www.foodtimes.eu\/it\/sistemi-alimentari\/agricorpofiasco-federconsorzi-2-agriconfidi-il-collasso-della-piramide-di-gesmundo\/\">liquidazione dalla disastrosa gestione del suo presidente Vincenzo Gesmundo<\/a>, l\u2019immobile situato a Bologna all\u2019interno di Palazzo Merendoni &#8211; palazzo nobiliare del XVII sec. con scalone monumentale, statue marmoree di Domenico Pi\u00f2 e stucchi di Gaetano Gandoli &#8211; ove insistevano e tuttora insistono gli uffici della Coldiretti<\/p>\n<\/div>\n<div dir=\"auto\">\n<p id=\"34a8112c-b3ab-80e7-8028-e6fd0ca2cf5a\" class=\"\">(3) H\u00e9ra Partecipazioni One punta sul mattone agricolo: rilevato Caire-Consorzi Agrari d\u2019Italia Real Estate. <em>Riparte Italia<\/em>. 26.3.26\u00a0<a href=\"https:\/\/www.ripartelitalia.it\/hera-partecipazioni-one-punta-sul-mattone-agricolo-rilevato-caire-consorzi-agrari-ditalia-real-estate\/\">https:\/\/www.ripartelitalia.it\/hera-partecipazioni-one-punta-sul-mattone-agricolo-rilevato-caire-consorzi-agrari-ditalia-real-estate\/<\/a><\/p>\n<\/div>\n<div dir=\"auto\">\n<h3 id=\"34a8112c-b3ab-80b8-93a4-ecd0e8041199\" class=\"\"><span class=\"ez-toc-section\" id=\"Allegato\"><\/span>Allegato<span class=\"ez-toc-section-end\"><\/span><\/h3>\n<\/div>\n<div dir=\"auto\">\n<ul id=\"34a8112c-b3ab-8092-8082-d9fca5f29adc\" class=\"bulleted-list\">\n<li><a href=\"https:\/\/www.foodtimes.eu\/wp-content\/uploads\/2026\/04\/BF-International-.pdf\">Companies House. (2025, June 18). PSC05: Change of relevant legal entity (RLE) details for BF International Best Fields Best Food Limited. UK Government.<\/a><\/li>\n<\/ul>\n<\/div>\n","protected":false},"excerpt":{"rendered":"<p>Arum e Domp\u00e9 Holdings hanno lanciato un&#8217;offerta pubblica di acquisto volontaria totalitaria\u00a0su BF S.p.A., societ\u00e0 quotata su Euronext Milan attiva nell&#8217;agroalimentare. L&#8217;operazione, del valore massimo di\u00a0666,2 milioni di euro\u00a0(circa\u00a02 miliardi\u00a0ove si consideri l&#8217;intero capitale di BF), rappresenta una delle pi\u00f9 rilevanti OPA degli ultimi decenni in Italia nel settore agricolo, per dimensioni e rilevanza strategica. [&hellip;]<\/p>\n","protected":false},"author":27,"featured_media":97062,"comment_status":"closed","ping_status":"closed","sticky":false,"template":"","format":"standard","meta":{"footnotes":""},"categories":[1227],"tags":[1077,1072,243],"class_list":{"0":"post-97057","1":"post","2":"type-post","3":"status-publish","4":"format-standard","5":"has-post-thumbnail","7":"category-sistemi-alimentari","8":"tag-vanghepulite","9":"tag-bonifiche-ferraresi-spa","10":"tag-coldiretti"},"yoast_head":"<!-- This site is optimized with the Yoast SEO plugin v27.4 - https:\/\/yoast.com\/product\/yoast-seo-wordpress\/ -->\n<title>Vecchioni, Coldiretti e Domp\u00e9 alla conquista di BF - FoodTimes<\/title>\n<meta name=\"description\" content=\"Arum e Domp\u00e9 Holdings hanno lanciato un&#039;offerta pubblica di acquisto volontaria totalitaria\u00a0su BF S.p.A., societ\u00e0 quotata su Euronext Milan attiva nell&#039;agroalimentare. L&#039;operazione, del valore massimo di\u00a0666,2 milioni di euro\u00a0(circa\u00a02 miliardi\u00a0ove si consideri l&#039;intero capitale di BF), rappresenta una delle pi\u00f9 rilevanti OPA degli ultimi decenni in Italia nel settore agricolo, per dimensioni e rilevanza strategica.\" \/>\n<meta name=\"robots\" content=\"index, follow, max-snippet:-1, max-image-preview:large, max-video-preview:-1\" \/>\n<link rel=\"canonical\" href=\"https:\/\/www.foodtimes.eu\/it\/sistemi-alimentari\/vecchioni-coldiretti-dompe-conquista-bf\/\" \/>\n<meta property=\"og:locale\" content=\"it_IT\" \/>\n<meta property=\"og:type\" content=\"article\" \/>\n<meta property=\"og:title\" content=\"Vecchioni, Coldiretti e Domp\u00e9 alla conquista di BF - FoodTimes\" \/>\n<meta property=\"og:description\" content=\"Arum e Domp\u00e9 Holdings hanno lanciato un&#039;offerta pubblica di acquisto volontaria totalitaria\u00a0su BF S.p.A., societ\u00e0 quotata su Euronext Milan attiva nell&#039;agroalimentare. L&#039;operazione, del valore massimo di\u00a0666,2 milioni di euro\u00a0(circa\u00a02 miliardi\u00a0ove si consideri l&#039;intero capitale di BF), rappresenta una delle pi\u00f9 rilevanti OPA degli ultimi decenni in Italia nel settore agricolo, per dimensioni e rilevanza strategica.\" \/>\n<meta property=\"og:url\" content=\"https:\/\/www.foodtimes.eu\/it\/sistemi-alimentari\/vecchioni-coldiretti-dompe-conquista-bf\/\" \/>\n<meta property=\"og:site_name\" content=\"FoodTimes\" \/>\n<meta property=\"article:published_time\" content=\"2026-04-22T18:44:40+00:00\" \/>\n<meta property=\"article:modified_time\" content=\"2026-04-22T19:30:25+00:00\" \/>\n<meta property=\"og:image\" content=\"https:\/\/www.foodtimes.eu\/wp-content\/uploads\/2026\/04\/Food-Times_offerta-acquisto-BF-S.p.A.jpg\" \/>\n\t<meta property=\"og:image:width\" content=\"640\" \/>\n\t<meta property=\"og:image:height\" content=\"400\" \/>\n\t<meta property=\"og:image:type\" content=\"image\/jpeg\" \/>\n<meta name=\"author\" content=\"Dario Dongo\" \/>\n<meta name=\"twitter:card\" content=\"summary_large_image\" \/>\n<meta name=\"twitter:label1\" content=\"Scritto da\" \/>\n\t<meta name=\"twitter:data1\" content=\"Dario Dongo\" \/>\n\t<meta name=\"twitter:label2\" content=\"Tempo di lettura stimato\" \/>\n\t<meta name=\"twitter:data2\" content=\"8 minuti\" \/>\n<script type=\"application\/ld+json\" class=\"yoast-schema-graph\">{\"@context\":\"https:\\\/\\\/schema.org\",\"@graph\":[{\"@type\":\"Article\",\"@id\":\"https:\\\/\\\/www.foodtimes.eu\\\/it\\\/sistemi-alimentari\\\/vecchioni-coldiretti-dompe-conquista-bf\\\/#article\",\"isPartOf\":{\"@id\":\"https:\\\/\\\/www.foodtimes.eu\\\/it\\\/sistemi-alimentari\\\/vecchioni-coldiretti-dompe-conquista-bf\\\/\"},\"author\":{\"name\":\"Dario Dongo\",\"@id\":\"https:\\\/\\\/www.foodtimes.eu\\\/it\\\/#\\\/schema\\\/person\\\/437f4e53080f0cea732fe0dac6a86909\"},\"headline\":\"Vecchioni, Coldiretti e Domp\u00e9 alla conquista di BF\",\"datePublished\":\"2026-04-22T18:44:40+00:00\",\"dateModified\":\"2026-04-22T19:30:25+00:00\",\"mainEntityOfPage\":{\"@id\":\"https:\\\/\\\/www.foodtimes.eu\\\/it\\\/sistemi-alimentari\\\/vecchioni-coldiretti-dompe-conquista-bf\\\/\"},\"wordCount\":1589,\"publisher\":{\"@id\":\"https:\\\/\\\/www.foodtimes.eu\\\/it\\\/#organization\"},\"image\":{\"@id\":\"https:\\\/\\\/www.foodtimes.eu\\\/it\\\/sistemi-alimentari\\\/vecchioni-coldiretti-dompe-conquista-bf\\\/#primaryimage\"},\"thumbnailUrl\":\"https:\\\/\\\/www.foodtimes.eu\\\/wp-content\\\/uploads\\\/2026\\\/04\\\/Food-Times_offerta-acquisto-BF-S.p.A.jpg\",\"keywords\":[\"#VanghePulite\",\"Bonifiche Ferraresi SpA\",\"Coldiretti\"],\"articleSection\":[\"Sistemi alimentari\"],\"inLanguage\":\"it-IT\"},{\"@type\":\"WebPage\",\"@id\":\"https:\\\/\\\/www.foodtimes.eu\\\/it\\\/sistemi-alimentari\\\/vecchioni-coldiretti-dompe-conquista-bf\\\/\",\"url\":\"https:\\\/\\\/www.foodtimes.eu\\\/it\\\/sistemi-alimentari\\\/vecchioni-coldiretti-dompe-conquista-bf\\\/\",\"name\":\"Vecchioni, Coldiretti e Domp\u00e9 alla conquista di BF - FoodTimes\",\"isPartOf\":{\"@id\":\"https:\\\/\\\/www.foodtimes.eu\\\/it\\\/#website\"},\"primaryImageOfPage\":{\"@id\":\"https:\\\/\\\/www.foodtimes.eu\\\/it\\\/sistemi-alimentari\\\/vecchioni-coldiretti-dompe-conquista-bf\\\/#primaryimage\"},\"image\":{\"@id\":\"https:\\\/\\\/www.foodtimes.eu\\\/it\\\/sistemi-alimentari\\\/vecchioni-coldiretti-dompe-conquista-bf\\\/#primaryimage\"},\"thumbnailUrl\":\"https:\\\/\\\/www.foodtimes.eu\\\/wp-content\\\/uploads\\\/2026\\\/04\\\/Food-Times_offerta-acquisto-BF-S.p.A.jpg\",\"datePublished\":\"2026-04-22T18:44:40+00:00\",\"dateModified\":\"2026-04-22T19:30:25+00:00\",\"description\":\"Arum e Domp\u00e9 Holdings hanno lanciato un'offerta pubblica di acquisto volontaria totalitaria\u00a0su BF S.p.A., societ\u00e0 quotata su Euronext Milan attiva nell'agroalimentare. L'operazione, del valore massimo di\u00a0666,2 milioni di euro\u00a0(circa\u00a02 miliardi\u00a0ove si consideri l'intero capitale di BF), rappresenta una delle pi\u00f9 rilevanti OPA degli ultimi decenni in Italia nel settore agricolo, per dimensioni e rilevanza strategica.\",\"breadcrumb\":{\"@id\":\"https:\\\/\\\/www.foodtimes.eu\\\/it\\\/sistemi-alimentari\\\/vecchioni-coldiretti-dompe-conquista-bf\\\/#breadcrumb\"},\"inLanguage\":\"it-IT\",\"potentialAction\":[{\"@type\":\"ReadAction\",\"target\":[\"https:\\\/\\\/www.foodtimes.eu\\\/it\\\/sistemi-alimentari\\\/vecchioni-coldiretti-dompe-conquista-bf\\\/\"]}]},{\"@type\":\"ImageObject\",\"inLanguage\":\"it-IT\",\"@id\":\"https:\\\/\\\/www.foodtimes.eu\\\/it\\\/sistemi-alimentari\\\/vecchioni-coldiretti-dompe-conquista-bf\\\/#primaryimage\",\"url\":\"https:\\\/\\\/www.foodtimes.eu\\\/wp-content\\\/uploads\\\/2026\\\/04\\\/Food-Times_offerta-acquisto-BF-S.p.A.jpg\",\"contentUrl\":\"https:\\\/\\\/www.foodtimes.eu\\\/wp-content\\\/uploads\\\/2026\\\/04\\\/Food-Times_offerta-acquisto-BF-S.p.A.jpg\",\"width\":640,\"height\":400},{\"@type\":\"BreadcrumbList\",\"@id\":\"https:\\\/\\\/www.foodtimes.eu\\\/it\\\/sistemi-alimentari\\\/vecchioni-coldiretti-dompe-conquista-bf\\\/#breadcrumb\",\"itemListElement\":[{\"@type\":\"ListItem\",\"position\":1,\"name\":\"Home\",\"item\":\"https:\\\/\\\/www.foodtimes.eu\\\/it\\\/\"},{\"@type\":\"ListItem\",\"position\":2,\"name\":\"Vecchioni, Coldiretti e Domp\u00e9 alla conquista di BF\"}]},{\"@type\":\"WebSite\",\"@id\":\"https:\\\/\\\/www.foodtimes.eu\\\/it\\\/#website\",\"url\":\"https:\\\/\\\/www.foodtimes.eu\\\/it\\\/\",\"name\":\"FoodTimes\",\"description\":\"An independent view\",\"publisher\":{\"@id\":\"https:\\\/\\\/www.foodtimes.eu\\\/it\\\/#organization\"},\"alternateName\":\"FoodTimes\",\"potentialAction\":[{\"@type\":\"SearchAction\",\"target\":{\"@type\":\"EntryPoint\",\"urlTemplate\":\"https:\\\/\\\/www.foodtimes.eu\\\/it\\\/?s={search_term_string}\"},\"query-input\":{\"@type\":\"PropertyValueSpecification\",\"valueRequired\":true,\"valueName\":\"search_term_string\"}}],\"inLanguage\":\"it-IT\"},{\"@type\":\"Organization\",\"@id\":\"https:\\\/\\\/www.foodtimes.eu\\\/it\\\/#organization\",\"name\":\"Wiise Srl Benefit company\",\"alternateName\":\"Wiise-srl-Benefit-Company\",\"url\":\"https:\\\/\\\/www.foodtimes.eu\\\/it\\\/\",\"logo\":{\"@type\":\"ImageObject\",\"inLanguage\":\"it-IT\",\"@id\":\"https:\\\/\\\/www.foodtimes.eu\\\/it\\\/#\\\/schema\\\/logo\\\/image\\\/\",\"url\":\"https:\\\/\\\/www.foodtimes.eu\\\/wp-content\\\/uploads\\\/2023\\\/11\\\/logo-wiise.jpg\",\"contentUrl\":\"https:\\\/\\\/www.foodtimes.eu\\\/wp-content\\\/uploads\\\/2023\\\/11\\\/logo-wiise.jpg\",\"width\":549,\"height\":252,\"caption\":\"Wiise Srl Benefit company\"},\"image\":{\"@id\":\"https:\\\/\\\/www.foodtimes.eu\\\/it\\\/#\\\/schema\\\/logo\\\/image\\\/\"}},{\"@type\":\"Person\",\"@id\":\"https:\\\/\\\/www.foodtimes.eu\\\/it\\\/#\\\/schema\\\/person\\\/437f4e53080f0cea732fe0dac6a86909\",\"name\":\"Dario Dongo\",\"image\":{\"@type\":\"ImageObject\",\"inLanguage\":\"it-IT\",\"@id\":\"http:\\\/\\\/www.foodtimes.eu\\\/wp-content\\\/uploads\\\/2023\\\/10\\\/DARIO-DONGO-150x150-1.jpeg\",\"url\":\"http:\\\/\\\/www.foodtimes.eu\\\/wp-content\\\/uploads\\\/2023\\\/10\\\/DARIO-DONGO-150x150-1.jpeg\",\"contentUrl\":\"http:\\\/\\\/www.foodtimes.eu\\\/wp-content\\\/uploads\\\/2023\\\/10\\\/DARIO-DONGO-150x150-1.jpeg\",\"caption\":\"Dario Dongo\"},\"description\":\"Dario Dongo, lawyer and journalist, PhD in international food law, founder of WIISE (FARE - GIFT - Food Times) and \u00c9galit\u00e9.\",\"url\":\"https:\\\/\\\/www.foodtimes.eu\\\/it\\\/author\\\/dario-dongo\\\/\"}]}<\/script>\n<!-- \/ Yoast SEO plugin. -->","yoast_head_json":{"title":"Vecchioni, Coldiretti e Domp\u00e9 alla conquista di BF - FoodTimes","description":"Arum e Domp\u00e9 Holdings hanno lanciato un'offerta pubblica di acquisto volontaria totalitaria\u00a0su BF S.p.A., societ\u00e0 quotata su Euronext Milan attiva nell'agroalimentare. L'operazione, del valore massimo di\u00a0666,2 milioni di euro\u00a0(circa\u00a02 miliardi\u00a0ove si consideri l'intero capitale di BF), rappresenta una delle pi\u00f9 rilevanti OPA degli ultimi decenni in Italia nel settore agricolo, per dimensioni e rilevanza strategica.","robots":{"index":"index","follow":"follow","max-snippet":"max-snippet:-1","max-image-preview":"max-image-preview:large","max-video-preview":"max-video-preview:-1"},"canonical":"https:\/\/www.foodtimes.eu\/it\/sistemi-alimentari\/vecchioni-coldiretti-dompe-conquista-bf\/","og_locale":"it_IT","og_type":"article","og_title":"Vecchioni, Coldiretti e Domp\u00e9 alla conquista di BF - FoodTimes","og_description":"Arum e Domp\u00e9 Holdings hanno lanciato un'offerta pubblica di acquisto volontaria totalitaria\u00a0su BF S.p.A., societ\u00e0 quotata su Euronext Milan attiva nell'agroalimentare. L'operazione, del valore massimo di\u00a0666,2 milioni di euro\u00a0(circa\u00a02 miliardi\u00a0ove si consideri l'intero capitale di BF), rappresenta una delle pi\u00f9 rilevanti OPA degli ultimi decenni in Italia nel settore agricolo, per dimensioni e rilevanza strategica.","og_url":"https:\/\/www.foodtimes.eu\/it\/sistemi-alimentari\/vecchioni-coldiretti-dompe-conquista-bf\/","og_site_name":"FoodTimes","article_published_time":"2026-04-22T18:44:40+00:00","article_modified_time":"2026-04-22T19:30:25+00:00","og_image":[{"width":640,"height":400,"url":"https:\/\/www.foodtimes.eu\/wp-content\/uploads\/2026\/04\/Food-Times_offerta-acquisto-BF-S.p.A.jpg","type":"image\/jpeg"}],"author":"Dario Dongo","twitter_card":"summary_large_image","twitter_misc":{"Scritto da":"Dario Dongo","Tempo di lettura stimato":"8 minuti"},"schema":{"@context":"https:\/\/schema.org","@graph":[{"@type":"Article","@id":"https:\/\/www.foodtimes.eu\/it\/sistemi-alimentari\/vecchioni-coldiretti-dompe-conquista-bf\/#article","isPartOf":{"@id":"https:\/\/www.foodtimes.eu\/it\/sistemi-alimentari\/vecchioni-coldiretti-dompe-conquista-bf\/"},"author":{"name":"Dario Dongo","@id":"https:\/\/www.foodtimes.eu\/it\/#\/schema\/person\/437f4e53080f0cea732fe0dac6a86909"},"headline":"Vecchioni, Coldiretti e Domp\u00e9 alla conquista di BF","datePublished":"2026-04-22T18:44:40+00:00","dateModified":"2026-04-22T19:30:25+00:00","mainEntityOfPage":{"@id":"https:\/\/www.foodtimes.eu\/it\/sistemi-alimentari\/vecchioni-coldiretti-dompe-conquista-bf\/"},"wordCount":1589,"publisher":{"@id":"https:\/\/www.foodtimes.eu\/it\/#organization"},"image":{"@id":"https:\/\/www.foodtimes.eu\/it\/sistemi-alimentari\/vecchioni-coldiretti-dompe-conquista-bf\/#primaryimage"},"thumbnailUrl":"https:\/\/www.foodtimes.eu\/wp-content\/uploads\/2026\/04\/Food-Times_offerta-acquisto-BF-S.p.A.jpg","keywords":["#VanghePulite","Bonifiche Ferraresi SpA","Coldiretti"],"articleSection":["Sistemi alimentari"],"inLanguage":"it-IT"},{"@type":"WebPage","@id":"https:\/\/www.foodtimes.eu\/it\/sistemi-alimentari\/vecchioni-coldiretti-dompe-conquista-bf\/","url":"https:\/\/www.foodtimes.eu\/it\/sistemi-alimentari\/vecchioni-coldiretti-dompe-conquista-bf\/","name":"Vecchioni, Coldiretti e Domp\u00e9 alla conquista di BF - FoodTimes","isPartOf":{"@id":"https:\/\/www.foodtimes.eu\/it\/#website"},"primaryImageOfPage":{"@id":"https:\/\/www.foodtimes.eu\/it\/sistemi-alimentari\/vecchioni-coldiretti-dompe-conquista-bf\/#primaryimage"},"image":{"@id":"https:\/\/www.foodtimes.eu\/it\/sistemi-alimentari\/vecchioni-coldiretti-dompe-conquista-bf\/#primaryimage"},"thumbnailUrl":"https:\/\/www.foodtimes.eu\/wp-content\/uploads\/2026\/04\/Food-Times_offerta-acquisto-BF-S.p.A.jpg","datePublished":"2026-04-22T18:44:40+00:00","dateModified":"2026-04-22T19:30:25+00:00","description":"Arum e Domp\u00e9 Holdings hanno lanciato un'offerta pubblica di acquisto volontaria totalitaria\u00a0su BF S.p.A., societ\u00e0 quotata su Euronext Milan attiva nell'agroalimentare. L'operazione, del valore massimo di\u00a0666,2 milioni di euro\u00a0(circa\u00a02 miliardi\u00a0ove si consideri l'intero capitale di BF), rappresenta una delle pi\u00f9 rilevanti OPA degli ultimi decenni in Italia nel settore agricolo, per dimensioni e rilevanza strategica.","breadcrumb":{"@id":"https:\/\/www.foodtimes.eu\/it\/sistemi-alimentari\/vecchioni-coldiretti-dompe-conquista-bf\/#breadcrumb"},"inLanguage":"it-IT","potentialAction":[{"@type":"ReadAction","target":["https:\/\/www.foodtimes.eu\/it\/sistemi-alimentari\/vecchioni-coldiretti-dompe-conquista-bf\/"]}]},{"@type":"ImageObject","inLanguage":"it-IT","@id":"https:\/\/www.foodtimes.eu\/it\/sistemi-alimentari\/vecchioni-coldiretti-dompe-conquista-bf\/#primaryimage","url":"https:\/\/www.foodtimes.eu\/wp-content\/uploads\/2026\/04\/Food-Times_offerta-acquisto-BF-S.p.A.jpg","contentUrl":"https:\/\/www.foodtimes.eu\/wp-content\/uploads\/2026\/04\/Food-Times_offerta-acquisto-BF-S.p.A.jpg","width":640,"height":400},{"@type":"BreadcrumbList","@id":"https:\/\/www.foodtimes.eu\/it\/sistemi-alimentari\/vecchioni-coldiretti-dompe-conquista-bf\/#breadcrumb","itemListElement":[{"@type":"ListItem","position":1,"name":"Home","item":"https:\/\/www.foodtimes.eu\/it\/"},{"@type":"ListItem","position":2,"name":"Vecchioni, Coldiretti e Domp\u00e9 alla conquista di BF"}]},{"@type":"WebSite","@id":"https:\/\/www.foodtimes.eu\/it\/#website","url":"https:\/\/www.foodtimes.eu\/it\/","name":"FoodTimes","description":"An independent view","publisher":{"@id":"https:\/\/www.foodtimes.eu\/it\/#organization"},"alternateName":"FoodTimes","potentialAction":[{"@type":"SearchAction","target":{"@type":"EntryPoint","urlTemplate":"https:\/\/www.foodtimes.eu\/it\/?s={search_term_string}"},"query-input":{"@type":"PropertyValueSpecification","valueRequired":true,"valueName":"search_term_string"}}],"inLanguage":"it-IT"},{"@type":"Organization","@id":"https:\/\/www.foodtimes.eu\/it\/#organization","name":"Wiise Srl Benefit company","alternateName":"Wiise-srl-Benefit-Company","url":"https:\/\/www.foodtimes.eu\/it\/","logo":{"@type":"ImageObject","inLanguage":"it-IT","@id":"https:\/\/www.foodtimes.eu\/it\/#\/schema\/logo\/image\/","url":"https:\/\/www.foodtimes.eu\/wp-content\/uploads\/2023\/11\/logo-wiise.jpg","contentUrl":"https:\/\/www.foodtimes.eu\/wp-content\/uploads\/2023\/11\/logo-wiise.jpg","width":549,"height":252,"caption":"Wiise Srl Benefit company"},"image":{"@id":"https:\/\/www.foodtimes.eu\/it\/#\/schema\/logo\/image\/"}},{"@type":"Person","@id":"https:\/\/www.foodtimes.eu\/it\/#\/schema\/person\/437f4e53080f0cea732fe0dac6a86909","name":"Dario Dongo","image":{"@type":"ImageObject","inLanguage":"it-IT","@id":"http:\/\/www.foodtimes.eu\/wp-content\/uploads\/2023\/10\/DARIO-DONGO-150x150-1.jpeg","url":"http:\/\/www.foodtimes.eu\/wp-content\/uploads\/2023\/10\/DARIO-DONGO-150x150-1.jpeg","contentUrl":"http:\/\/www.foodtimes.eu\/wp-content\/uploads\/2023\/10\/DARIO-DONGO-150x150-1.jpeg","caption":"Dario Dongo"},"description":"Dario Dongo, lawyer and journalist, PhD in international food law, founder of WIISE (FARE - GIFT - Food Times) and \u00c9galit\u00e9.","url":"https:\/\/www.foodtimes.eu\/it\/author\/dario-dongo\/"}]}},"_links":{"self":[{"href":"https:\/\/www.foodtimes.eu\/it\/wp-json\/wp\/v2\/posts\/97057","targetHints":{"allow":["GET"]}}],"collection":[{"href":"https:\/\/www.foodtimes.eu\/it\/wp-json\/wp\/v2\/posts"}],"about":[{"href":"https:\/\/www.foodtimes.eu\/it\/wp-json\/wp\/v2\/types\/post"}],"author":[{"embeddable":true,"href":"https:\/\/www.foodtimes.eu\/it\/wp-json\/wp\/v2\/users\/27"}],"replies":[{"embeddable":true,"href":"https:\/\/www.foodtimes.eu\/it\/wp-json\/wp\/v2\/comments?post=97057"}],"version-history":[{"count":5,"href":"https:\/\/www.foodtimes.eu\/it\/wp-json\/wp\/v2\/posts\/97057\/revisions"}],"predecessor-version":[{"id":97068,"href":"https:\/\/www.foodtimes.eu\/it\/wp-json\/wp\/v2\/posts\/97057\/revisions\/97068"}],"wp:featuredmedia":[{"embeddable":true,"href":"https:\/\/www.foodtimes.eu\/it\/wp-json\/wp\/v2\/media\/97062"}],"wp:attachment":[{"href":"https:\/\/www.foodtimes.eu\/it\/wp-json\/wp\/v2\/media?parent=97057"}],"wp:term":[{"taxonomy":"category","embeddable":true,"href":"https:\/\/www.foodtimes.eu\/it\/wp-json\/wp\/v2\/categories?post=97057"},{"taxonomy":"post_tag","embeddable":true,"href":"https:\/\/www.foodtimes.eu\/it\/wp-json\/wp\/v2\/tags?post=97057"}],"curies":[{"name":"wp","href":"https:\/\/api.w.org\/{rel}","templated":true}]}}